{"id":1041,"date":"2023-07-08T08:12:00","date_gmt":"2023-07-08T11:12:00","guid":{"rendered":"https:\/\/egran.com.ar\/?p=1041"},"modified":"2024-07-24T12:55:10","modified_gmt":"2024-07-24T15:55:10","slug":"dia-de-la-familia-e-inauguracion-ampliacion-de-planta","status":"publish","type":"post","link":"https:\/\/egran.com.ar\/en\/dia-de-la-familia-e-inauguracion-ampliacion-de-planta\/","title":{"rendered":"D\u00eda de la familia e inauguraci\u00f3n ampliaci\u00f3n de planta"},"content":{"rendered":"<p>Compartimos un poco de lo que fue el D\u00eda de la familia e inauguraci\u00f3n ampliaci\u00f3n de planta,<\/p>\n\n\n\n<figure class=\"wp-block-image size-large\"><img loading=\"lazy\" decoding=\"async\" width=\"1024\" height=\"683\" src=\"https:\/\/egran.com.ar\/egran-web\/wp-content\/uploads\/2024\/07\/DSC_0286-1024x683.jpg\" alt=\"\" class=\"wp-image-1042\" srcset=\"https:\/\/egran.com.ar\/egran-web\/wp-content\/uploads\/2024\/07\/DSC_0286-1024x683.jpg 1024w, https:\/\/egran.com.ar\/egran-web\/wp-content\/uploads\/2024\/07\/DSC_0286-300x200.jpg 300w, https:\/\/egran.com.ar\/egran-web\/wp-content\/uploads\/2024\/07\/DSC_0286-768x512.jpg 768w, https:\/\/egran.com.ar\/egran-web\/wp-content\/uploads\/2024\/07\/DSC_0286-1536x1024.jpg 1536w, https:\/\/egran.com.ar\/egran-web\/wp-content\/uploads\/2024\/07\/DSC_0286-2048x1366.jpg 2048w, https:\/\/egran.com.ar\/egran-web\/wp-content\/uploads\/2024\/07\/DSC_0286-18x12.jpg 18w, https:\/\/egran.com.ar\/egran-web\/wp-content\/uploads\/2024\/07\/DSC_0286-835x557.jpg 835w\" sizes=\"(max-width: 1024px) 100vw, 1024px\" \/><\/figure>","protected":false},"excerpt":{"rendered":"<p>Compartimos un poco de lo que fue el D\u00eda de la familia e inauguraci\u00f3n ampliaci\u00f3n de planta,<\/p>","protected":false},"author":1,"featured_media":1043,"comment_status":"closed","ping_status":"closed","sticky":false,"template":"","format":"standard","meta":{"footnotes":""},"categories":[13],"tags":[],"_links":{"self":[{"href":"https:\/\/egran.com.ar\/en\/wp-json\/wp\/v2\/posts\/1041"}],"collection":[{"href":"https:\/\/egran.com.ar\/en\/wp-json\/wp\/v2\/posts"}],"about":[{"href":"https:\/\/egran.com.ar\/en\/wp-json\/wp\/v2\/types\/post"}],"author":[{"embeddable":true,"href":"https:\/\/egran.com.ar\/en\/wp-json\/wp\/v2\/users\/1"}],"replies":[{"embeddable":true,"href":"https:\/\/egran.com.ar\/en\/wp-json\/wp\/v2\/comments?post=1041"}],"version-history":[{"count":2,"href":"https:\/\/egran.com.ar\/en\/wp-json\/wp\/v2\/posts\/1041\/revisions"}],"predecessor-version":[{"id":1050,"href":"https:\/\/egran.com.ar\/en\/wp-json\/wp\/v2\/posts\/1041\/revisions\/1050"}],"wp:featuredmedia":[{"embeddable":true,"href":"https:\/\/egran.com.ar\/en\/wp-json\/wp\/v2\/media\/1043"}],"wp:attachment":[{"href":"https:\/\/egran.com.ar\/en\/wp-json\/wp\/v2\/media?parent=1041"}],"wp:term":[{"taxonomy":"category","embeddable":true,"href":"https:\/\/egran.com.ar\/en\/wp-json\/wp\/v2\/categories?post=1041"},{"taxonomy":"post_tag","embeddable":true,"href":"https:\/\/egran.com.ar\/en\/wp-json\/wp\/v2\/tags?post=1041"}],"curies":[{"name":"wp","href":"https:\/\/api.w.org\/{rel}","templated":true}]}}